{"id":4097,"date":"2025-10-23T16:51:56","date_gmt":"2025-10-23T16:51:56","guid":{"rendered":"https:\/\/eyoa.de\/?p=4097"},"modified":"2025-12-10T14:49:04","modified_gmt":"2025-12-10T14:49:04","slug":"presseschau-eyoa-2025","status":"publish","type":"post","link":"https:\/\/eyoa.de\/en\/presseschau-eyoa-2025\/","title":{"rendered":"PRESSESCHAU EYOA 2025"},"content":{"rendered":"<div data-elementor-type=\"wp-post\" data-elementor-id=\"4097\" class=\"elementor elementor-4097\" data-elementor-post-type=\"post\">\n\t\t\t\t<div class=\"elementor-element elementor-element-34beade e-flex e-con-boxed e-con e-parent\" data-id=\"34beade\" data-element_type=\"container\" data-e-type=\"container\">\n\t\t\t\t\t<div class=\"e-con-inner\">\n\t\t\t\t<div class=\"elementor-element elementor-element-dde06e6 elementor-widget elementor-widget-heading\" data-id=\"dde06e6\" data-element_type=\"widget\" data-e-type=\"widget\" data-widget_type=\"heading.default\">\n\t\t\t\t\t<h1 class=\"elementor-heading-title elementor-size-default\">Presseschau EYOA 2025<\/h1>\t\t\t\t<\/div>\n\t\t\t\t\t<\/div>\n\t\t\t\t<\/div>\n\t\t<div class=\"elementor-element elementor-element-d526a69 e-flex e-con-boxed e-con e-parent\" data-id=\"d526a69\" data-element_type=\"container\" data-e-type=\"container\">\n\t\t\t\t\t<div class=\"e-con-inner\">\n\t\t<div class=\"elementor-element elementor-element-a2c7722 e-con-full e-flex e-con e-child\" data-id=\"a2c7722\" data-element_type=\"container\" data-e-type=\"container\">\n\t\t\t\t<div class=\"elementor-element elementor-element-10b6c8d elementor-widget elementor-widget-heading\" data-id=\"10b6c8d\" data-element_type=\"widget\" data-e-type=\"widget\" data-widget_type=\"heading.default\">\n\t\t\t\t\t<h2 class=\"elementor-heading-title elementor-size-default\">Erinnerungen zum Nachh\u00f6ren<\/h2>\t\t\t\t<\/div>\n\t\t\t\t<div class=\"elementor-element elementor-element-b469975 elementor-widget elementor-widget-heading\" data-id=\"b469975\" data-element_type=\"widget\" data-e-type=\"widget\" data-widget_type=\"heading.default\">\n\t\t\t\t\t<h5 class=\"elementor-heading-title elementor-size-default\">Die komplette Aufnahme online!<\/h5>\t\t\t\t<\/div>\n\t\t\t\t<div class=\"elementor-element elementor-element-fa0c25b elementor-widget elementor-widget-text-editor\" data-id=\"fa0c25b\" data-element_type=\"widget\" data-e-type=\"widget\" data-widget_type=\"text-editor.default\">\n\t\t\t\t\t\t\t\t\t<p>Das Europa-Konzert der European Youth Orchestra Academy im April 2025 in der Mannheimer OPAL hat das Publikum begeistert \u2013 mit G\u00e4nsehautmomenten, gl\u00e4nzenden Soli und 56 jungen Musiker:innen aus 17 L\u00e4ndern.\u2028 Die kompletten Aufnahmen auf YouTube.<\/p><p><span style=\"color: #ff6600;\">\u25b6\ufe0f <a style=\"color: #ff6600;\" href=\"https:\/\/youtu.be\/SNToUCbOPrQ\" target=\"_blank\" rel=\"noopener\">Cannabich. Les f\u00eates du Serail<\/a><\/span><br \/><span style=\"color: #ff6600;\">\u25b6\ufe0f <a style=\"color: #ff6600;\" href=\"https:\/\/youtu.be\/QttI6I35C3k\" target=\"_blank\" rel=\"noopener\">Beethoven Klavierkonzert Nr. 3, c-Moll, Op.37<\/a><\/span><br \/><span style=\"color: #ff6600;\">\u25b6\ufe0f <a style=\"color: #ff6600;\" href=\"https:\/\/youtu.be\/gk3wZXFfIcA\" target=\"_blank\" rel=\"noopener\">Beethoven Sinfonie Nr. 5, c-Moll, Op.67<\/a><\/span><\/p><p>Das Europa-Konzert wurde am 01.05.25 im RNF gesendet.<\/p>\t\t\t\t\t\t\t\t<\/div>\n\t\t\t\t<\/div>\n\t\t<div class=\"elementor-element elementor-element-0982c00 e-con-full e-flex e-con e-child\" data-id=\"0982c00\" data-element_type=\"container\" data-e-type=\"container\" data-settings=\"{&quot;background_background&quot;:&quot;classic&quot;}\">\n\t\t\t\t<\/div>\n\t\t\t\t\t<\/div>\n\t\t\t\t<\/div>\n\t\t<div class=\"elementor-element elementor-element-ab7decb e-flex e-con-boxed e-con e-parent\" data-id=\"ab7decb\" data-element_type=\"container\" data-e-type=\"container\">\n\t\t\t\t\t<div class=\"e-con-inner\">\n\t\t<div class=\"elementor-element elementor-element-0d7aee9 e-con-full e-flex e-con e-child\" data-id=\"0d7aee9\" data-element_type=\"container\" data-e-type=\"container\">\n\t\t\t\t<div class=\"elementor-element elementor-element-58be862 elementor-widget elementor-widget-heading\" data-id=\"58be862\" data-element_type=\"widget\" data-e-type=\"widget\" data-widget_type=\"heading.default\">\n\t\t\t\t\t<h2 class=\"elementor-heading-title elementor-size-default\">Radio-Reportagen\n<\/h2>\t\t\t\t<\/div>\n\t\t\t\t<div class=\"elementor-element elementor-element-cb8d8f1 elementor-widget elementor-widget-text-editor\" data-id=\"cb8d8f1\" data-element_type=\"widget\" data-e-type=\"widget\" data-widget_type=\"text-editor.default\">\n\t\t\t\t\t\t\t\t\t<ul><li><a href=\"https:\/\/kultur-at-home.de\/wp-content\/uploads\/2025\/04\/eyoa-mannheim.mp3\" target=\"_blank\" rel=\"noopener\"><strong>Beitrag von SWR-Redakteur Wolfgang Kessel<\/strong> in <strong>SWR Kultur<br \/><\/strong>vom 17.04.25<\/a><\/li><li><a href=\"https:\/\/kultur-at-home.de\/wp-content\/uploads\/2025\/04\/EYOA.mp3\" target=\"_blank\" rel=\"noopener\"><strong>Beitrag von SWR-Redakteur Wolfgang Kessel<\/strong> in <strong>SWR Aktuell<\/strong> vom 16.04.25<\/a><\/li><\/ul>\t\t\t\t\t\t\t\t<\/div>\n\t\t\t\t<div class=\"elementor-element elementor-element-614f8de elementor-widget elementor-widget-heading\" data-id=\"614f8de\" data-element_type=\"widget\" data-e-type=\"widget\" data-widget_type=\"heading.default\">\n\t\t\t\t\t<h2 class=\"elementor-heading-title elementor-size-default\">Print-Artikel<\/h2>\t\t\t\t<\/div>\n\t\t\t\t<div class=\"elementor-element elementor-element-68f9b0b elementor-widget elementor-widget-text-editor\" data-id=\"68f9b0b\" data-element_type=\"widget\" data-e-type=\"widget\" data-widget_type=\"text-editor.default\">\n\t\t\t\t\t\t\t\t\t<ul>\n \t<li><strong><a href=\"https:\/\/www.ioco.de\/mannheim-opal-konzert-der-european-youth-orchestra-academy-ioco\/\" target=\"_blank\" rel=\"noopener\">Mannheim, Opal, Konzert der European Youth Orchestra Academy<\/a><\/strong>\nArtikel von Uschi Reifenberg, <strong>IOCO.de, Kultur im Netz<\/strong> vom 25.04.25<\/li>\n \t<li><a href=\"https:\/\/kultur-at-home.de\/wp-content\/uploads\/2025\/04\/250422-Rheinpfalz-IMG_1029.pdf\" target=\"_blank\" rel=\"noopener\"><strong>Hoffnungsvoller Musiker-Nachwuchs<\/strong><\/a>.\nArtikel von Christian Berger in der <strong>Rheinpfalz<\/strong> am 22.04.2025<\/li>\n \t<li><a href=\"https:\/\/kultur-at-home.de\/wp-content\/uploads\/2025\/04\/250422-MM-Kultur-1.pdf\" target=\"_blank\" rel=\"noopener\"><strong>Erfrischend bis erhebend.<\/strong><\/a>\nArtikel von Hans-G\u00fcnter Fischer. E-Paper im <strong>MM Kultur<\/strong> am 22.04.2025<\/li>\n \t<li><a href=\"https:\/\/kultur-at-home.de\/wp-content\/uploads\/2025\/04\/RNZ-Artikel-22-4-25.jpg\" target=\"_blank\" rel=\"noopener\"><strong>Br\u00fccken gebaut \u00fcber Genres hinweg.<\/strong><\/a> <strong>European Youth Orchestr Academy gab ihr Abschlusskonzert in der Oper am Luisenpark.<\/strong>\nArtikel von Manfred Ofer in der <strong>RNZ<\/strong> am 22.04.202<\/li>\n \t<li><a href=\"https:\/\/kultur-at-home.de\/wp-content\/uploads\/2025\/04\/17.4.25-Mannheim-European-Youth-Orchestra-Academy-Pressegespraech-IOCO.pdf\" target=\"_blank\" rel=\"noopener\"><strong>Spielpl\u00e4ne: Mannheim, European Youth Orchestra Academy, Pressegespr\u00e4ch IOCO<\/strong><\/a>\nArtikel von Uschi Reifenberg, <strong>IOCO.de, Kultur im Netz<\/strong> vom 17.04.25 <a href=\"https:\/\/kultur-at-home.de\/wp-content\/uploads\/2025\/04\/250420-IOCO.pdf\" target=\"_blank\" rel=\"noopener\">(PDF)<\/a><\/li>\n \t<li><strong><a href=\"https:\/\/kultur-at-home.de\/wp-content\/uploads\/2025\/04\/250417-MM-Lokal-17.4.25.pdf\" target=\"_blank\" rel=\"noopener\">Frieden und Freundschaft. Konzert: European Youth Orchestra Academy in der OPAL<\/a><\/strong>\nRed.<strong> MM<\/strong> am 17.04.25<\/li>\n \t<li><strong><a href=\"https:\/\/kultur-at-home.de\/wp-content\/uploads\/2025\/04\/250415-Mannh.Morgen-Ausg.16.4.-.pdf\" target=\"_blank\" rel=\"noopener\">\u201eMan muss aufpassen, kein Fachidiot zu werden\u201c<\/a>. <\/strong>Interview mit Pianist Fabian M\u00fcller.\nArtikel von Stefan M. Dettlinger <strong>MM<\/strong> Kultur am 16.04.25<\/li>\n \t<li><a href=\"https:\/\/kultur-at-home.de\/wp-content\/uploads\/2025\/04\/250416-https_e-paper-reader.mannheimer-morgen.de_mamobeilagen_568_scripts__moduleprintpages67vl_platformdesktopvl_app_iddk.e-pages.mamobeilagenvl_app_version1.22.09.pdf\" target=\"_blank\" rel=\"noopener\"><strong>Au\u00dfergew\u00f6hnliche Performance<\/strong><\/a> European Youth Orchestra Academy: 50 junge Musiktalente aus 21 L\u00e4ndern der EU, Gro\u00dfbritannien und der Ukraine zeigen ihr K\u00f6nnen.\npr\/ E-Paper-Artikel in <strong>MM<\/strong> April 2025<\/li>\n \t<li><a href=\"https:\/\/kultur-at-home.de\/wp-content\/uploads\/2025\/03\/MM-E-Paper-29.1.25-MM-Kulturseite-1.pdf\" target=\"_blank\" rel=\"noopener\"><strong>Junge Talente zeigen ihr K\u00f6nnen. Jugendorchester: Konzert der EYOA an Ostern<\/strong><\/a>\nArtikel\/ Vorbericht von red im <strong>MM Kultur<\/strong> vom 29.01.202<\/li>\n<\/ul>\t\t\t\t\t\t\t\t<\/div>\n\t\t\t\t<\/div>\n\t\t<div class=\"elementor-element elementor-element-0722671 e-con-full e-flex e-con e-child\" data-id=\"0722671\" data-element_type=\"container\" data-e-type=\"container\">\n\t\t\t\t<div class=\"elementor-element elementor-element-fd36a5a elementor-widget elementor-widget-heading\" data-id=\"fd36a5a\" data-element_type=\"widget\" data-e-type=\"widget\" data-widget_type=\"heading.default\">\n\t\t\t\t\t<h2 class=\"elementor-heading-title elementor-size-default\">Fernseh-Beitr\u00e4ge\n<\/h2>\t\t\t\t<\/div>\n\t\t\t\t<div class=\"elementor-element elementor-element-adc9049 elementor-widget elementor-widget-text-editor\" data-id=\"adc9049\" data-element_type=\"widget\" data-e-type=\"widget\" data-widget_type=\"text-editor.default\">\n\t\t\t\t\t\t\t\t\t<ul><li><strong><a href=\"https:\/\/www.rnf.de\/\" target=\"_blank\" rel=\"noopener\">RNF (Rhein-Neckar-Fernsehen)<\/a> \u00fcbertr\u00e4gt das gro\u00dfe Europa Galakonzert der EYOA 2025<\/strong><br \/><strong>Sendetermin: 01.05.2025 um 21 h<\/strong> \u2013den Stream findet ihr unter <a href=\"https:\/\/www.rnf.de\/\" target=\"_blank\" rel=\"noopener\">https:\/\/www.rnf.de\/<\/a><\/li><li><a href=\"https:\/\/www.rnf.de\/mediathek\/video\/european-youth-orchestra-academy-55-musiker-aus-17-europaeischen-laendern-lassen-musikmagie-erklingen\/\" target=\"_blank\" rel=\"noopener\"><strong>RNF Vorbericht EYOA Galakonzert <\/strong><\/a>am Ostersamstag in der Mannheimer OPAL<strong><br \/><\/strong>Studiogast: EYOA-Organisator Michel Maug\u00e9<strong><br \/><\/strong>vom 17.04.25<\/li><\/ul>\t\t\t\t\t\t\t\t<\/div>\n\t\t\t\t<div class=\"elementor-element elementor-element-b411cdc elementor-widget elementor-widget-image\" data-id=\"b411cdc\" data-element_type=\"widget\" data-e-type=\"widget\" data-widget_type=\"image.default\">\n\t\t\t\t\t\t\t\t\t\t\t\t\t\t\t<img fetchpriority=\"high\" decoding=\"async\" width=\"600\" height=\"337\" src=\"https:\/\/eyoa.de\/wp-content\/uploads\/2025\/10\/mauge_rnf.png\" class=\"attachment-large size-large wp-image-4138\" alt=\"\" srcset=\"https:\/\/eyoa.de\/wp-content\/uploads\/2025\/10\/mauge_rnf.png 600w, https:\/\/eyoa.de\/wp-content\/uploads\/2025\/10\/mauge_rnf-300x169.png 300w, https:\/\/eyoa.de\/wp-content\/uploads\/2025\/10\/mauge_rnf-18x10.png 18w\" sizes=\"(max-width: 600px) 100vw, 600px\" \/>\t\t\t\t\t\t\t\t\t\t\t\t\t\t\t<\/div>\n\t\t\t\t<div class=\"elementor-element elementor-element-9df94b8 elementor-widget elementor-widget-heading\" data-id=\"9df94b8\" data-element_type=\"widget\" data-e-type=\"widget\" data-widget_type=\"heading.default\">\n\t\t\t\t\t<h2 class=\"elementor-heading-title elementor-size-default\">Mannheims OB Christian Specht auf Facebook<\/h2>\t\t\t\t<\/div>\n\t\t\t\t<div class=\"elementor-element elementor-element-0f1e24f elementor-widget elementor-widget-image\" data-id=\"0f1e24f\" data-element_type=\"widget\" data-e-type=\"widget\" data-widget_type=\"image.default\">\n\t\t\t\t\t\t\t\t\t\t\t\t<figure class=\"wp-caption\">\n\t\t\t\t\t\t\t\t\t\t\t<a href=\"https:\/\/www.rnf.de\/mediathek\/video\/european-youth-orchestra-academy-55-musiker-aus-17-europaeischen-laendern-lassen-musikmagie-erklingen\/\">\n\t\t\t\t\t\t\t<img decoding=\"async\" width=\"600\" height=\"400\" src=\"https:\/\/eyoa.de\/wp-content\/uploads\/2025\/10\/eyoa_2025_konzert.jpg\" class=\"attachment-large size-large wp-image-4143\" alt=\"\" srcset=\"https:\/\/eyoa.de\/wp-content\/uploads\/2025\/10\/eyoa_2025_konzert.jpg 600w, https:\/\/eyoa.de\/wp-content\/uploads\/2025\/10\/eyoa_2025_konzert-300x200.jpg 300w, https:\/\/eyoa.de\/wp-content\/uploads\/2025\/10\/eyoa_2025_konzert-18x12.jpg 18w\" sizes=\"(max-width: 600px) 100vw, 600px\" \/>\t\t\t\t\t\t\t\t<\/a>\n\t\t\t\t\t\t\t\t\t\t\t<figcaption class=\"widget-image-caption wp-caption-text\">Vorbericht EYOA RNF vom 17.04.2025<\/figcaption>\n\t\t\t\t\t\t\t\t\t\t<\/figure>\n\t\t\t\t\t\t\t\t\t<\/div>\n\t\t\t\t<div class=\"elementor-element elementor-element-f5961c4 elementor-widget elementor-widget-heading\" data-id=\"f5961c4\" data-element_type=\"widget\" data-e-type=\"widget\" data-widget_type=\"heading.default\">\n\t\t\t\t\t<h2 class=\"elementor-heading-title elementor-size-default\">Pressemitteilung EYOA<\/h2>\t\t\t\t<\/div>\n\t\t\t\t<div class=\"elementor-element elementor-element-adfaf4c elementor-widget elementor-widget-text-editor\" data-id=\"adfaf4c\" data-element_type=\"widget\" data-e-type=\"widget\" data-widget_type=\"text-editor.default\">\n\t\t\t\t\t\t\t\t\t<ul><li><a href=\"https:\/\/kultur-at-home.de\/wp-content\/uploads\/2025\/03\/EYOA-Pressemitteilung-20-3-25.pdf\" target=\"_blank\" rel=\"noopener\"><strong>Pressemitteilung EYOA<\/strong><\/a><br \/>vom 20.03.2025<\/li><\/ul>\t\t\t\t\t\t\t\t<\/div>\n\t\t\t\t<\/div>\n\t\t\t\t\t<\/div>\n\t\t\t\t<\/div>\n\t\t\t\t<\/div>","protected":false},"excerpt":{"rendered":"<p>Hier findest du alle Artikel und Beitr\u00e4ge aus Radio und Print sowie E-Paper \u00fcber die EYOA 2025 auf einen Blick &#8230;<\/p>","protected":false},"author":1,"featured_media":4099,"comment_status":"closed","ping_status":"closed","sticky":false,"template":"","format":"standard","meta":{"_acf_changed":false,"site-sidebar-layout":"default","site-content-layout":"","ast-site-content-layout":"full-width-container","site-content-style":"unboxed","site-sidebar-style":"default","ast-global-header-display":"","ast-banner-title-visibility":"","ast-main-header-display":"","ast-hfb-above-header-display":"","ast-hfb-below-header-display":"","ast-hfb-mobile-header-display":"","site-post-title":"disabled","ast-breadcrumbs-content":"","ast-featured-img":"","footer-sml-layout":"","ast-disable-related-posts":"","theme-transparent-header-meta":"","adv-header-id-meta":"","stick-header-meta":"","header-above-stick-meta":"","header-main-stick-meta":"","header-below-stick-meta":"","astra-migrate-meta-layouts":"default","ast-page-background-enabled":"default","ast-page-background-meta":{"desktop":{"background-color":"var(--ast-global-color-5)","background-image":"","background-repeat":"repeat","background-position":"center center","background-size":"auto","background-attachment":"scroll","background-type":"","background-media":"","overlay-type":"","overlay-color":"","overlay-opacity":"","overlay-gradient":""},"tablet":{"background-color":"","background-image":"","background-repeat":"repeat","background-position":"center center","background-size":"auto","background-attachment":"scroll","background-type":"","background-media":"","overlay-type":"","overlay-color":"","overlay-opacity":"","overlay-gradient":""},"mobile":{"background-color":"","background-image":"","background-repeat":"repeat","background-position":"center center","background-size":"auto","background-attachment":"scroll","background-type":"","background-media":"","overlay-type":"","overlay-color":"","overlay-opacity":"","overlay-gradient":""}},"ast-content-background-meta":{"desktop":{"background-color":"var(--ast-global-color-4)","background-image":"","background-repeat":"repeat","background-position":"center center","background-size":"auto","background-attachment":"scroll","background-type":"","background-media":"","overlay-type":"","overlay-color":"","overlay-opacity":"","overlay-gradient":""},"tablet":{"background-color":"var(--ast-global-color-4)","background-image":"","background-repeat":"repeat","background-position":"center center","background-size":"auto","background-attachment":"scroll","background-type":"","background-media":"","overlay-type":"","overlay-color":"","overlay-opacity":"","overlay-gradient":""},"mobile":{"background-color":"var(--ast-global-color-4)","background-image":"","background-repeat":"repeat","background-position":"center center","background-size":"auto","background-attachment":"scroll","background-type":"","background-media":"","overlay-type":"","overlay-color":"","overlay-opacity":"","overlay-gradient":""}},"footnotes":""},"categories":[1],"tags":[],"class_list":["post-4097","post","type-post","status-publish","format-standard","has-post-thumbnail","hentry","category-nicht-kategorisiert"],"acf":[],"yoast_head":"<!-- This site is optimized with the Yoast SEO plugin v27.2 - https:\/\/yoast.com\/product\/yoast-seo-wordpress\/ -->\n<title>PRESSESCHAU EYOA 2025 - EYOA<\/title>\n<meta name=\"robots\" content=\"index, follow, max-snippet:-1, max-image-preview:large, max-video-preview:-1\" \/>\n<link rel=\"canonical\" href=\"https:\/\/eyoa.de\/en\/presseschau-eyoa-2025\/\" \/>\n<meta property=\"og:locale\" content=\"en_GB\" \/>\n<meta property=\"og:type\" content=\"article\" \/>\n<meta property=\"og:title\" content=\"PRESSESCHAU EYOA 2025 - EYOA\" \/>\n<meta property=\"og:description\" content=\"Hier findest du alle Artikel und Beitr\u00e4ge aus Radio und Print sowie E-Paper \u00fcber die EYOA 2025 auf einen Blick ...\" \/>\n<meta property=\"og:url\" content=\"https:\/\/eyoa.de\/en\/presseschau-eyoa-2025\/\" \/>\n<meta property=\"og:site_name\" content=\"EYOA\" \/>\n<meta property=\"article:published_time\" content=\"2025-10-23T16:51:56+00:00\" \/>\n<meta property=\"article:modified_time\" content=\"2025-12-10T14:49:04+00:00\" \/>\n<meta property=\"og:image\" content=\"https:\/\/eyoa.de\/wp-content\/uploads\/2025\/10\/EYOA-2025-Presseschau.png\" \/>\n\t<meta property=\"og:image:width\" content=\"1080\" \/>\n\t<meta property=\"og:image:height\" content=\"1080\" \/>\n\t<meta property=\"og:image:type\" content=\"image\/png\" \/>\n<meta name=\"author\" content=\"admin\" \/>\n<meta name=\"twitter:card\" content=\"summary_large_image\" \/>\n<meta name=\"twitter:label1\" content=\"Written by\" \/>\n\t<meta name=\"twitter:data1\" content=\"admin\" \/>\n\t<meta name=\"twitter:label2\" content=\"Estimated reading time\" \/>\n\t<meta name=\"twitter:data2\" content=\"3 minutes\" \/>\n<script type=\"application\/ld+json\" class=\"yoast-schema-graph\">{\"@context\":\"https:\/\/schema.org\",\"@graph\":[{\"@type\":\"Article\",\"@id\":\"https:\/\/eyoa.de\/presseschau-eyoa-2025\/#article\",\"isPartOf\":{\"@id\":\"https:\/\/eyoa.de\/presseschau-eyoa-2025\/\"},\"author\":{\"name\":\"admin\",\"@id\":\"https:\/\/eyoa.de\/#\/schema\/person\/3db32390a3d7df781b59adf6c16c16fa\"},\"headline\":\"PRESSESCHAU EYOA 2025\",\"datePublished\":\"2025-10-23T16:51:56+00:00\",\"dateModified\":\"2025-12-10T14:49:04+00:00\",\"mainEntityOfPage\":{\"@id\":\"https:\/\/eyoa.de\/presseschau-eyoa-2025\/\"},\"wordCount\":317,\"image\":{\"@id\":\"https:\/\/eyoa.de\/presseschau-eyoa-2025\/#primaryimage\"},\"thumbnailUrl\":\"https:\/\/eyoa.de\/wp-content\/uploads\/2025\/10\/EYOA-2025-Presseschau.png\",\"articleSection\":[\"Nicht kategorisiert\"],\"inLanguage\":\"en-GB\"},{\"@type\":\"WebPage\",\"@id\":\"https:\/\/eyoa.de\/presseschau-eyoa-2025\/\",\"url\":\"https:\/\/eyoa.de\/presseschau-eyoa-2025\/\",\"name\":\"PRESSESCHAU EYOA 2025 - EYOA\",\"isPartOf\":{\"@id\":\"https:\/\/eyoa.de\/#website\"},\"primaryImageOfPage\":{\"@id\":\"https:\/\/eyoa.de\/presseschau-eyoa-2025\/#primaryimage\"},\"image\":{\"@id\":\"https:\/\/eyoa.de\/presseschau-eyoa-2025\/#primaryimage\"},\"thumbnailUrl\":\"https:\/\/eyoa.de\/wp-content\/uploads\/2025\/10\/EYOA-2025-Presseschau.png\",\"datePublished\":\"2025-10-23T16:51:56+00:00\",\"dateModified\":\"2025-12-10T14:49:04+00:00\",\"author\":{\"@id\":\"https:\/\/eyoa.de\/#\/schema\/person\/3db32390a3d7df781b59adf6c16c16fa\"},\"breadcrumb\":{\"@id\":\"https:\/\/eyoa.de\/presseschau-eyoa-2025\/#breadcrumb\"},\"inLanguage\":\"en-GB\",\"potentialAction\":[{\"@type\":\"ReadAction\",\"target\":[\"https:\/\/eyoa.de\/presseschau-eyoa-2025\/\"]}]},{\"@type\":\"ImageObject\",\"inLanguage\":\"en-GB\",\"@id\":\"https:\/\/eyoa.de\/presseschau-eyoa-2025\/#primaryimage\",\"url\":\"https:\/\/eyoa.de\/wp-content\/uploads\/2025\/10\/EYOA-2025-Presseschau.png\",\"contentUrl\":\"https:\/\/eyoa.de\/wp-content\/uploads\/2025\/10\/EYOA-2025-Presseschau.png\",\"width\":1080,\"height\":1080},{\"@type\":\"BreadcrumbList\",\"@id\":\"https:\/\/eyoa.de\/presseschau-eyoa-2025\/#breadcrumb\",\"itemListElement\":[{\"@type\":\"ListItem\",\"position\":1,\"name\":\"Startseite\",\"item\":\"https:\/\/eyoa.de\/\"},{\"@type\":\"ListItem\",\"position\":2,\"name\":\"PRESSESCHAU EYOA 2025\"}]},{\"@type\":\"WebSite\",\"@id\":\"https:\/\/eyoa.de\/#website\",\"url\":\"https:\/\/eyoa.de\/\",\"name\":\"EYOA\",\"description\":\"European Youth Orchestra Academy\",\"potentialAction\":[{\"@type\":\"SearchAction\",\"target\":{\"@type\":\"EntryPoint\",\"urlTemplate\":\"https:\/\/eyoa.de\/?s={search_term_string}\"},\"query-input\":{\"@type\":\"PropertyValueSpecification\",\"valueRequired\":true,\"valueName\":\"search_term_string\"}}],\"inLanguage\":\"en-GB\"},{\"@type\":\"Person\",\"@id\":\"https:\/\/eyoa.de\/#\/schema\/person\/3db32390a3d7df781b59adf6c16c16fa\",\"name\":\"admin\",\"sameAs\":[\"https:\/\/eyoa.de\"],\"url\":\"https:\/\/eyoa.de\/en\/author\/admin\/\"}]}<\/script>\n<!-- \/ Yoast SEO plugin. -->","yoast_head_json":{"title":"PRESSESCHAU EYOA 2025 - EYOA","robots":{"index":"index","follow":"follow","max-snippet":"max-snippet:-1","max-image-preview":"max-image-preview:large","max-video-preview":"max-video-preview:-1"},"canonical":"https:\/\/eyoa.de\/en\/presseschau-eyoa-2025\/","og_locale":"en_GB","og_type":"article","og_title":"PRESSESCHAU EYOA 2025 - EYOA","og_description":"Hier findest du alle Artikel und Beitr\u00e4ge aus Radio und Print sowie E-Paper \u00fcber die EYOA 2025 auf einen Blick ...","og_url":"https:\/\/eyoa.de\/en\/presseschau-eyoa-2025\/","og_site_name":"EYOA","article_published_time":"2025-10-23T16:51:56+00:00","article_modified_time":"2025-12-10T14:49:04+00:00","og_image":[{"width":1080,"height":1080,"url":"https:\/\/eyoa.de\/wp-content\/uploads\/2025\/10\/EYOA-2025-Presseschau.png","type":"image\/png"}],"author":"admin","twitter_card":"summary_large_image","twitter_misc":{"Written by":"admin","Estimated reading time":"3 minutes"},"schema":{"@context":"https:\/\/schema.org","@graph":[{"@type":"Article","@id":"https:\/\/eyoa.de\/presseschau-eyoa-2025\/#article","isPartOf":{"@id":"https:\/\/eyoa.de\/presseschau-eyoa-2025\/"},"author":{"name":"admin","@id":"https:\/\/eyoa.de\/#\/schema\/person\/3db32390a3d7df781b59adf6c16c16fa"},"headline":"PRESSESCHAU EYOA 2025","datePublished":"2025-10-23T16:51:56+00:00","dateModified":"2025-12-10T14:49:04+00:00","mainEntityOfPage":{"@id":"https:\/\/eyoa.de\/presseschau-eyoa-2025\/"},"wordCount":317,"image":{"@id":"https:\/\/eyoa.de\/presseschau-eyoa-2025\/#primaryimage"},"thumbnailUrl":"https:\/\/eyoa.de\/wp-content\/uploads\/2025\/10\/EYOA-2025-Presseschau.png","articleSection":["Nicht kategorisiert"],"inLanguage":"en-GB"},{"@type":"WebPage","@id":"https:\/\/eyoa.de\/presseschau-eyoa-2025\/","url":"https:\/\/eyoa.de\/presseschau-eyoa-2025\/","name":"PRESSESCHAU EYOA 2025 - EYOA","isPartOf":{"@id":"https:\/\/eyoa.de\/#website"},"primaryImageOfPage":{"@id":"https:\/\/eyoa.de\/presseschau-eyoa-2025\/#primaryimage"},"image":{"@id":"https:\/\/eyoa.de\/presseschau-eyoa-2025\/#primaryimage"},"thumbnailUrl":"https:\/\/eyoa.de\/wp-content\/uploads\/2025\/10\/EYOA-2025-Presseschau.png","datePublished":"2025-10-23T16:51:56+00:00","dateModified":"2025-12-10T14:49:04+00:00","author":{"@id":"https:\/\/eyoa.de\/#\/schema\/person\/3db32390a3d7df781b59adf6c16c16fa"},"breadcrumb":{"@id":"https:\/\/eyoa.de\/presseschau-eyoa-2025\/#breadcrumb"},"inLanguage":"en-GB","potentialAction":[{"@type":"ReadAction","target":["https:\/\/eyoa.de\/presseschau-eyoa-2025\/"]}]},{"@type":"ImageObject","inLanguage":"en-GB","@id":"https:\/\/eyoa.de\/presseschau-eyoa-2025\/#primaryimage","url":"https:\/\/eyoa.de\/wp-content\/uploads\/2025\/10\/EYOA-2025-Presseschau.png","contentUrl":"https:\/\/eyoa.de\/wp-content\/uploads\/2025\/10\/EYOA-2025-Presseschau.png","width":1080,"height":1080},{"@type":"BreadcrumbList","@id":"https:\/\/eyoa.de\/presseschau-eyoa-2025\/#breadcrumb","itemListElement":[{"@type":"ListItem","position":1,"name":"Startseite","item":"https:\/\/eyoa.de\/"},{"@type":"ListItem","position":2,"name":"PRESSESCHAU EYOA 2025"}]},{"@type":"WebSite","@id":"https:\/\/eyoa.de\/#website","url":"https:\/\/eyoa.de\/","name":"EYOA","description":"European Youth Orchestra Academy","potentialAction":[{"@type":"SearchAction","target":{"@type":"EntryPoint","urlTemplate":"https:\/\/eyoa.de\/?s={search_term_string}"},"query-input":{"@type":"PropertyValueSpecification","valueRequired":true,"valueName":"search_term_string"}}],"inLanguage":"en-GB"},{"@type":"Person","@id":"https:\/\/eyoa.de\/#\/schema\/person\/3db32390a3d7df781b59adf6c16c16fa","name":"admin","sameAs":["https:\/\/eyoa.de"],"url":"https:\/\/eyoa.de\/en\/author\/admin\/"}]}},"_links":{"self":[{"href":"https:\/\/eyoa.de\/en\/wp-json\/wp\/v2\/posts\/4097","targetHints":{"allow":["GET"]}}],"collection":[{"href":"https:\/\/eyoa.de\/en\/wp-json\/wp\/v2\/posts"}],"about":[{"href":"https:\/\/eyoa.de\/en\/wp-json\/wp\/v2\/types\/post"}],"author":[{"embeddable":true,"href":"https:\/\/eyoa.de\/en\/wp-json\/wp\/v2\/users\/1"}],"replies":[{"embeddable":true,"href":"https:\/\/eyoa.de\/en\/wp-json\/wp\/v2\/comments?post=4097"}],"version-history":[{"count":46,"href":"https:\/\/eyoa.de\/en\/wp-json\/wp\/v2\/posts\/4097\/revisions"}],"predecessor-version":[{"id":4375,"href":"https:\/\/eyoa.de\/en\/wp-json\/wp\/v2\/posts\/4097\/revisions\/4375"}],"wp:featuredmedia":[{"embeddable":true,"href":"https:\/\/eyoa.de\/en\/wp-json\/wp\/v2\/media\/4099"}],"wp:attachment":[{"href":"https:\/\/eyoa.de\/en\/wp-json\/wp\/v2\/media?parent=4097"}],"wp:term":[{"taxonomy":"category","embeddable":true,"href":"https:\/\/eyoa.de\/en\/wp-json\/wp\/v2\/categories?post=4097"},{"taxonomy":"post_tag","embeddable":true,"href":"https:\/\/eyoa.de\/en\/wp-json\/wp\/v2\/tags?post=4097"}],"curies":[{"name":"wp","href":"https:\/\/api.w.org\/{rel}","templated":true}]}}